{"id":903,"date":"2021-02-09T05:01:20","date_gmt":"2021-02-09T05:01:20","guid":{"rendered":"https:\/\/www.blog.bcdaero.com\/es\/?p=903"},"modified":"2021-02-09T05:01:24","modified_gmt":"2021-02-09T05:01:24","slug":"que-es-la-aerofobia","status":"publish","type":"post","link":"https:\/\/www.blog.bcdaero.com\/es\/2021\/02\/09\/que-es-la-aerofobia\/","title":{"rendered":"\u00bfQu\u00e9 es la aerofobia?"},"content":{"rendered":"\n<p class=\"wp-block-paragraph\">La aerofobia es el miedo a volar o subirse a un avi\u00f3n, esto puede afectar a una de cada diez personas; aunque el miedo no es solamente creer que pueden fallecer por un accidente dentro del avi\u00f3n, este miedo puede ser un conjunto de fobias o una simplemente, una sola que no tiene que ver con el avi\u00f3n, como por ejemplo la claustrofobia.<\/p>\n\n\n\n<p class=\"wp-block-paragraph\">En ocasiones esta enfermedad puede originarse por un accidente, un vuelo complejo que gener\u00f3 temor a volar en la persona, sin embargo, tambi\u00e9n pueden aparecer sin raz\u00f3n aparente, debido a que nunca han volado o simplemente porque ha escuchado muchas noticias que le hacen creer que puede ser peligroso volar.<\/p>\n\n\n\n<h3 class=\"wp-block-heading\">\u00bfC\u00f3mo puede presentarse este tipo de fobia?<\/h3>\n\n\n\n<p class=\"wp-block-paragraph\">Habitualmente, un 18% de los pasajeros confiesan que tienen cierto nivel de ansiedad o miedo mucho antes de embarcarse en el avi\u00f3n; este puede empezar desde el instante\u00a0 en que se conoce que se va a volar o a medida que se acerca la hora del embarque y se empeoran los s\u00edntomas que esta persona presenta. Hay personas que al momento del embarque pierden su fuerza o simplemente no pueden moverse.<\/p>\n\n\n\n<h4 class=\"wp-block-heading\">Diversas manifestaciones de la fobia<\/h4>\n\n\n\n<p class=\"wp-block-paragraph\">Es por todo ello que esta fobia puede presentarse de varias maneras: primeramente de manera mental, ya sea teniendo pensamientos sobre una posible ca\u00edda del avi\u00f3n, estar pendiente de cada ruido, tambi\u00e9n puede ocurrir que este tenga otras fobias como claustrofobia y piense que est\u00e1 atrapado en el avi\u00f3n, tambi\u00e9n puede presentarse en la forma como se comporta la persona preguntando siempre si no hay ning\u00fan problema o intentando evitar de cualquier modo montarse en el avi\u00f3n y por \u00faltimo, tambi\u00e9n puede presentarse de maneras fisiol\u00f3gicas debido a que puede cambiar su ritmo card\u00edaco, generar problemas digestivos, nauseas, hiperventilaci\u00f3n entre otros.<\/p>\n\n\n\n<h3 class=\"wp-block-heading\">\u00bfC\u00f3mo se puede solucionar esta fobia?<\/h3>\n\n\n\n<p class=\"wp-block-paragraph\">Primeramente debemos averiguar qu\u00e9 tipo de fobia tenemos debido a que puede ser que no sea exactamente aerofobia, as\u00ed poder tratarla de manera efectiva; la educaci\u00f3n es primordial para curar&nbsp; cualquier tipo de miedo, esto se debe a que el ser humano es un ser de costumbres y si jam\u00e1s se ha volado se debe ir poco a poco introduciendo a la persona para que vaya eliminando los miedos.<\/p>\n\n\n\n<p class=\"wp-block-paragraph\">Tambi\u00e9n se debe evitar informaci\u00f3n sobre accidentes o problemas con las aeronaves, debido a que en la actualidad es m\u00e1s seguro volar que conducir un carro. En ocasiones tambi\u00e9n podemos viajar acompa\u00f1ados con una persona de confianza que nos ayude a superar el miedo. Es recomendable acudir a un psic\u00f3logo, el cual lograr\u00e1 hallar las bases de tus miedos y podr\u00e1 de manera eficiente eliminar este tipo de fobia.<\/p>\n\n\n\n<p class=\"wp-block-paragraph\"><strong><em>\u00bfQu\u00e9 opinas de este tema? \u00bfHas sufrido alguna vez miedo a volar?<\/em><\/strong> <\/p>\n\n\n\n<p class=\"wp-block-paragraph\">Si tienes alguna duda o consulta sobre este tema puedes\u00a0<a href=\"https:\/\/www.blog.bcdaero.com\/es\/contacto\/\" target=\"_blank\" rel=\"noreferrer noopener\"><strong>contactarte con nosotros<\/strong><\/a>\u00a0o escribir tu consulta en la parte de abajo (secci\u00f3n de comentarios).<\/p>\n\n\n\n<p class=\"wp-block-paragraph\">Imagen de\u00a0Flavio Spugna v\u00eda Flickr bajo licencia Creative Commons.<\/p>\n","protected":false},"excerpt":{"rendered":"<p>La aerofobia es el miedo a volar o subirse a un avi\u00f3n, esto puede afectar a una de cada diez personas; aunque el miedo no es solamente creer que pueden fallecer por un accidente dentro del avi\u00f3n, este miedo puede ser un conjunto de fobias o una simplemente, una sola que no tiene que ver [&hellip;]<\/p>\n","protected":false},"author":1,"featured_media":905,"comment_status":"open","ping_status":"open","sticky":false,"template":"","format":"standard","meta":{"footnotes":""},"categories":[4],"tags":[578,580,579,582,581,583],"class_list":["post-903","post","type-post","status-publish","format-standard","has-post-thumbnail","hentry","category-tendencias","tag-aerofobi-que-es","tag-aerofobia-es","tag-aerofobia-que","tag-es-aerofobia","tag-es-que-aerofobia","tag-que-aerofobia"],"aioseo_notices":[],"aioseo_head":"\n\t\t<!-- All in One SEO 5.0.0.1 - aioseo.com -->\n\t<meta name=\"description\" content=\"La aerofobia es el miedo a volar o subirse a un avi\u00f3n, esto puede afectar a una de cada diez personas; aunque el miedo no es solamente creer que pueden fallecer por un accidente dentro del avi\u00f3n, este miedo puede ser un conjunto de fobias o una simplemente, una sola que no tiene que ver con el avi\u00f3n, como por ejemplo la claustrofobia.La aerofobia es el miedo a volar o subirse a un avi\u00f3n, esto puede afectar a una de cada diez personas; aunque el miedo no es solamente creer que pueden fallecer por un accidente dentro del avi\u00f3n, este miedo puede ser un conjunto de fobias o una simplemente, una sola que no tiene que ver\" \/>\n\t<meta name=\"robots\" content=\"max-image-preview:large\" \/>\n\t<meta name=\"author\" content=\"BCDA\"\/>\n\t<meta name=\"keywords\" content=\"aerofobi que es,es aerofobia,aerofobia es,aerofobia que,que aerofobia,es que aerofobia\" \/>\n\t<link rel=\"canonical\" href=\"https:\/\/www.blog.bcdaero.com\/es\/2021\/02\/09\/que-es-la-aerofobia\/\" \/>\n\t<meta name=\"generator\" content=\"All in One SEO (AIOSEO) 5.0.0.1\" \/>\n\t\t<meta property=\"og:locale\" content=\"es_ES\" \/>\n\t\t<meta property=\"og:site_name\" content=\"BCDA Soluciones Aeronauticas Blog |\" \/>\n\t\t<meta property=\"og:type\" content=\"article\" \/>\n\t\t<meta property=\"og:title\" content=\"\u00bfQu\u00e9 es la aerofobia? | BCDA Soluciones Aeronauticas Blog\" \/>\n\t\t<meta property=\"og:description\" content=\"La aerofobia es el miedo a volar o subirse a un avi\u00f3n, esto puede afectar a una de cada diez personas; aunque el miedo no es solamente creer que pueden fallecer por un accidente dentro del avi\u00f3n, este miedo puede ser un conjunto de fobias o una simplemente, una sola que no tiene que ver con el avi\u00f3n, como por ejemplo la claustrofobia.La aerofobia es el miedo a volar o subirse a un avi\u00f3n, esto puede afectar a una de cada diez personas; aunque el miedo no es solamente creer que pueden fallecer por un accidente dentro del avi\u00f3n, este miedo puede ser un conjunto de fobias o una simplemente, una sola que no tiene que ver\" \/>\n\t\t<meta property=\"og:url\" content=\"https:\/\/www.blog.bcdaero.com\/es\/2021\/02\/09\/que-es-la-aerofobia\/\" \/>\n\t\t<meta property=\"article:published_time\" content=\"2021-02-09T05:01:20+00:00\" \/>\n\t\t<meta property=\"article:modified_time\" content=\"2021-02-09T05:01:24+00:00\" \/>\n\t\t<meta name=\"twitter:card\" content=\"summary\" \/>\n\t\t<meta name=\"twitter:title\" content=\"\u00bfQu\u00e9 es la aerofobia? | BCDA Soluciones Aeronauticas Blog\" \/>\n\t\t<meta name=\"twitter:description\" content=\"La aerofobia es el miedo a volar o subirse a un avi\u00f3n, esto puede afectar a una de cada diez personas; aunque el miedo no es solamente creer que pueden fallecer por un accidente dentro del avi\u00f3n, este miedo puede ser un conjunto de fobias o una simplemente, una sola que no tiene que ver con el avi\u00f3n, como por ejemplo la claustrofobia.La aerofobia es el miedo a volar o subirse a un avi\u00f3n, esto puede afectar a una de cada diez personas; aunque el miedo no es solamente creer que pueden fallecer por un accidente dentro del avi\u00f3n, este miedo puede ser un conjunto de fobias o una simplemente, una sola que no tiene que ver\" \/>\n\t\t<script type=\"application\/ld+json\" class=\"aioseo-schema\">\n\t\t\t{\"@context\":\"https:\\\/\\\/schema.org\",\"@graph\":[{\"@type\":\"Article\",\"@id\":\"https:\\\/\\\/www.blog.bcdaero.com\\\/es\\\/2021\\\/02\\\/09\\\/que-es-la-aerofobia\\\/#article\",\"name\":\"\\u00bfQu\\u00e9 es la aerofobia? | BCDA Soluciones Aeronauticas Blog\",\"headline\":\"\\u00bfQu\\u00e9 es la aerofobia?\",\"author\":{\"@id\":\"https:\\\/\\\/www.blog.bcdaero.com\\\/es\\\/author\\\/bcdaeroadmin\\\/#author\"},\"publisher\":{\"@id\":\"https:\\\/\\\/www.blog.bcdaero.com\\\/es\\\/#organization\"},\"image\":{\"@type\":\"ImageObject\",\"url\":\"https:\\\/\\\/www.blog.bcdaero.com\\\/es\\\/wp-content\\\/uploads\\\/2021\\\/02\\\/20347223721_3ef4bc8e25_k.jpg\",\"width\":2048,\"height\":1365},\"datePublished\":\"2021-02-09T05:01:20+00:00\",\"dateModified\":\"2021-02-09T05:01:24+00:00\",\"inLanguage\":\"es-ES\",\"mainEntityOfPage\":{\"@id\":\"https:\\\/\\\/www.blog.bcdaero.com\\\/es\\\/2021\\\/02\\\/09\\\/que-es-la-aerofobia\\\/#webpage\"},\"isPartOf\":{\"@id\":\"https:\\\/\\\/www.blog.bcdaero.com\\\/es\\\/2021\\\/02\\\/09\\\/que-es-la-aerofobia\\\/#webpage\"},\"articleSection\":\"tendencias, aerofobi que es, aerofobia es, aerofobia que, es aerofobia, es que aerofobia, que aerofobia\"},{\"@type\":\"BreadcrumbList\",\"@id\":\"https:\\\/\\\/www.blog.bcdaero.com\\\/es\\\/2021\\\/02\\\/09\\\/que-es-la-aerofobia\\\/#breadcrumblist\",\"itemListElement\":[{\"@type\":\"ListItem\",\"@id\":\"https:\\\/\\\/www.blog.bcdaero.com\\\/es#listItem\",\"position\":1,\"name\":\"Inicio\",\"item\":\"https:\\\/\\\/www.blog.bcdaero.com\\\/es\",\"nextItem\":{\"@type\":\"ListItem\",\"@id\":\"https:\\\/\\\/www.blog.bcdaero.com\\\/es\\\/category\\\/tendencias\\\/#listItem\",\"name\":\"tendencias\"}},{\"@type\":\"ListItem\",\"@id\":\"https:\\\/\\\/www.blog.bcdaero.com\\\/es\\\/category\\\/tendencias\\\/#listItem\",\"position\":2,\"name\":\"tendencias\",\"item\":\"https:\\\/\\\/www.blog.bcdaero.com\\\/es\\\/category\\\/tendencias\\\/\",\"nextItem\":{\"@type\":\"ListItem\",\"@id\":\"https:\\\/\\\/www.blog.bcdaero.com\\\/es\\\/2021\\\/02\\\/09\\\/que-es-la-aerofobia\\\/#listItem\",\"name\":\"\\u00bfQu\\u00e9 es la aerofobia?\"},\"previousItem\":{\"@type\":\"ListItem\",\"@id\":\"https:\\\/\\\/www.blog.bcdaero.com\\\/es#listItem\",\"name\":\"Inicio\"}},{\"@type\":\"ListItem\",\"@id\":\"https:\\\/\\\/www.blog.bcdaero.com\\\/es\\\/2021\\\/02\\\/09\\\/que-es-la-aerofobia\\\/#listItem\",\"position\":3,\"name\":\"\\u00bfQu\\u00e9 es la aerofobia?\",\"previousItem\":{\"@type\":\"ListItem\",\"@id\":\"https:\\\/\\\/www.blog.bcdaero.com\\\/es\\\/category\\\/tendencias\\\/#listItem\",\"name\":\"tendencias\"}}]},{\"@type\":\"Organization\",\"@id\":\"https:\\\/\\\/www.blog.bcdaero.com\\\/es\\\/#organization\",\"name\":\"BCDA Soluciones Aeronauticas Blog\",\"url\":\"https:\\\/\\\/www.blog.bcdaero.com\\\/es\\\/\"},{\"@type\":\"Person\",\"@id\":\"https:\\\/\\\/www.blog.bcdaero.com\\\/es\\\/author\\\/bcdaeroadmin\\\/#author\",\"url\":\"https:\\\/\\\/www.blog.bcdaero.com\\\/es\\\/author\\\/bcdaeroadmin\\\/\",\"name\":\"BCDA\",\"image\":{\"@type\":\"ImageObject\",\"@id\":\"https:\\\/\\\/www.blog.bcdaero.com\\\/es\\\/2021\\\/02\\\/09\\\/que-es-la-aerofobia\\\/#authorImage\",\"url\":\"https:\\\/\\\/secure.gravatar.com\\\/avatar\\\/cce372ef10b3938000a3544c689caecc52a4efc8d286e84871e63fa51198f4e6?s=96&d=mm&r=g\",\"width\":96,\"height\":96,\"caption\":\"BCDA\"}},{\"@type\":\"WebPage\",\"@id\":\"https:\\\/\\\/www.blog.bcdaero.com\\\/es\\\/2021\\\/02\\\/09\\\/que-es-la-aerofobia\\\/#webpage\",\"url\":\"https:\\\/\\\/www.blog.bcdaero.com\\\/es\\\/2021\\\/02\\\/09\\\/que-es-la-aerofobia\\\/\",\"name\":\"\\u00bfQu\\u00e9 es la aerofobia? | BCDA Soluciones Aeronauticas Blog\",\"description\":\"La aerofobia es el miedo a volar o subirse a un avi\\u00f3n, esto puede afectar a una de cada diez personas; aunque el miedo no es solamente creer que pueden fallecer por un accidente dentro del avi\\u00f3n, este miedo puede ser un conjunto de fobias o una simplemente, una sola que no tiene que ver con el avi\\u00f3n, como por ejemplo la claustrofobia.La aerofobia es el miedo a volar o subirse a un avi\\u00f3n, esto puede afectar a una de cada diez personas; aunque el miedo no es solamente creer que pueden fallecer por un accidente dentro del avi\\u00f3n, este miedo puede ser un conjunto de fobias o una simplemente, una sola que no tiene que ver\",\"inLanguage\":\"es-ES\",\"isPartOf\":{\"@id\":\"https:\\\/\\\/www.blog.bcdaero.com\\\/es\\\/#website\"},\"breadcrumb\":{\"@id\":\"https:\\\/\\\/www.blog.bcdaero.com\\\/es\\\/2021\\\/02\\\/09\\\/que-es-la-aerofobia\\\/#breadcrumblist\"},\"author\":{\"@id\":\"https:\\\/\\\/www.blog.bcdaero.com\\\/es\\\/author\\\/bcdaeroadmin\\\/#author\"},\"creator\":{\"@id\":\"https:\\\/\\\/www.blog.bcdaero.com\\\/es\\\/author\\\/bcdaeroadmin\\\/#author\"},\"image\":{\"@type\":\"ImageObject\",\"url\":\"https:\\\/\\\/www.blog.bcdaero.com\\\/es\\\/wp-content\\\/uploads\\\/2021\\\/02\\\/20347223721_3ef4bc8e25_k.jpg\",\"@id\":\"https:\\\/\\\/www.blog.bcdaero.com\\\/es\\\/2021\\\/02\\\/09\\\/que-es-la-aerofobia\\\/#mainImage\",\"width\":2048,\"height\":1365},\"primaryImageOfPage\":{\"@id\":\"https:\\\/\\\/www.blog.bcdaero.com\\\/es\\\/2021\\\/02\\\/09\\\/que-es-la-aerofobia\\\/#mainImage\"},\"datePublished\":\"2021-02-09T05:01:20+00:00\",\"dateModified\":\"2021-02-09T05:01:24+00:00\"},{\"@type\":\"WebSite\",\"@id\":\"https:\\\/\\\/www.blog.bcdaero.com\\\/es\\\/#website\",\"url\":\"https:\\\/\\\/www.blog.bcdaero.com\\\/es\\\/\",\"name\":\"BCDA Soluciones Aeronauticas Blog\",\"inLanguage\":\"es-ES\",\"publisher\":{\"@id\":\"https:\\\/\\\/www.blog.bcdaero.com\\\/es\\\/#organization\"}}]}\n\t\t<\/script>\n\t\t<!-- All in One SEO -->\n\n","aioseo_head_json":{"title":"\u00bfQu\u00e9 es la aerofobia? | BCDA Soluciones Aeronauticas Blog","description":"La aerofobia es el miedo a volar o subirse a un avi\u00f3n, esto puede afectar a una de cada diez personas; aunque el miedo no es solamente creer que pueden fallecer por un accidente dentro del avi\u00f3n, este miedo puede ser un conjunto de fobias o una simplemente, una sola que no tiene que ver con el avi\u00f3n, como por ejemplo la claustrofobia.La aerofobia es el miedo a volar o subirse a un avi\u00f3n, esto puede afectar a una de cada diez personas; aunque el miedo no es solamente creer que pueden fallecer por un accidente dentro del avi\u00f3n, este miedo puede ser un conjunto de fobias o una simplemente, una sola que no tiene que ver","canonical_url":"https:\/\/www.blog.bcdaero.com\/es\/2021\/02\/09\/que-es-la-aerofobia\/","robots":"max-image-preview:large","keywords":"aerofobi que es,es aerofobia,aerofobia es,aerofobia que,que aerofobia,es que aerofobia","webmasterTools":{"miscellaneous":""},"schema":{"@context":"https:\/\/schema.org","@graph":[{"@type":"Article","@id":"https:\/\/www.blog.bcdaero.com\/es\/2021\/02\/09\/que-es-la-aerofobia\/#article","name":"\u00bfQu\u00e9 es la aerofobia? | BCDA Soluciones Aeronauticas Blog","headline":"\u00bfQu\u00e9 es la aerofobia?","author":{"@id":"https:\/\/www.blog.bcdaero.com\/es\/author\/bcdaeroadmin\/#author"},"publisher":{"@id":"https:\/\/www.blog.bcdaero.com\/es\/#organization"},"image":{"@type":"ImageObject","url":"https:\/\/www.blog.bcdaero.com\/es\/wp-content\/uploads\/2021\/02\/20347223721_3ef4bc8e25_k.jpg","width":2048,"height":1365},"datePublished":"2021-02-09T05:01:20+00:00","dateModified":"2021-02-09T05:01:24+00:00","inLanguage":"es-ES","mainEntityOfPage":{"@id":"https:\/\/www.blog.bcdaero.com\/es\/2021\/02\/09\/que-es-la-aerofobia\/#webpage"},"isPartOf":{"@id":"https:\/\/www.blog.bcdaero.com\/es\/2021\/02\/09\/que-es-la-aerofobia\/#webpage"},"articleSection":"tendencias, aerofobi que es, aerofobia es, aerofobia que, es aerofobia, es que aerofobia, que aerofobia"},{"@type":"BreadcrumbList","@id":"https:\/\/www.blog.bcdaero.com\/es\/2021\/02\/09\/que-es-la-aerofobia\/#breadcrumblist","itemListElement":[{"@type":"ListItem","@id":"https:\/\/www.blog.bcdaero.com\/es#listItem","position":1,"name":"Inicio","item":"https:\/\/www.blog.bcdaero.com\/es","nextItem":{"@type":"ListItem","@id":"https:\/\/www.blog.bcdaero.com\/es\/category\/tendencias\/#listItem","name":"tendencias"}},{"@type":"ListItem","@id":"https:\/\/www.blog.bcdaero.com\/es\/category\/tendencias\/#listItem","position":2,"name":"tendencias","item":"https:\/\/www.blog.bcdaero.com\/es\/category\/tendencias\/","nextItem":{"@type":"ListItem","@id":"https:\/\/www.blog.bcdaero.com\/es\/2021\/02\/09\/que-es-la-aerofobia\/#listItem","name":"\u00bfQu\u00e9 es la aerofobia?"},"previousItem":{"@type":"ListItem","@id":"https:\/\/www.blog.bcdaero.com\/es#listItem","name":"Inicio"}},{"@type":"ListItem","@id":"https:\/\/www.blog.bcdaero.com\/es\/2021\/02\/09\/que-es-la-aerofobia\/#listItem","position":3,"name":"\u00bfQu\u00e9 es la aerofobia?","previousItem":{"@type":"ListItem","@id":"https:\/\/www.blog.bcdaero.com\/es\/category\/tendencias\/#listItem","name":"tendencias"}}]},{"@type":"Organization","@id":"https:\/\/www.blog.bcdaero.com\/es\/#organization","name":"BCDA Soluciones Aeronauticas Blog","url":"https:\/\/www.blog.bcdaero.com\/es\/"},{"@type":"Person","@id":"https:\/\/www.blog.bcdaero.com\/es\/author\/bcdaeroadmin\/#author","url":"https:\/\/www.blog.bcdaero.com\/es\/author\/bcdaeroadmin\/","name":"BCDA","image":{"@type":"ImageObject","@id":"https:\/\/www.blog.bcdaero.com\/es\/2021\/02\/09\/que-es-la-aerofobia\/#authorImage","url":"https:\/\/secure.gravatar.com\/avatar\/cce372ef10b3938000a3544c689caecc52a4efc8d286e84871e63fa51198f4e6?s=96&d=mm&r=g","width":96,"height":96,"caption":"BCDA"}},{"@type":"WebPage","@id":"https:\/\/www.blog.bcdaero.com\/es\/2021\/02\/09\/que-es-la-aerofobia\/#webpage","url":"https:\/\/www.blog.bcdaero.com\/es\/2021\/02\/09\/que-es-la-aerofobia\/","name":"\u00bfQu\u00e9 es la aerofobia? | BCDA Soluciones Aeronauticas Blog","description":"La aerofobia es el miedo a volar o subirse a un avi\u00f3n, esto puede afectar a una de cada diez personas; aunque el miedo no es solamente creer que pueden fallecer por un accidente dentro del avi\u00f3n, este miedo puede ser un conjunto de fobias o una simplemente, una sola que no tiene que ver con el avi\u00f3n, como por ejemplo la claustrofobia.La aerofobia es el miedo a volar o subirse a un avi\u00f3n, esto puede afectar a una de cada diez personas; aunque el miedo no es solamente creer que pueden fallecer por un accidente dentro del avi\u00f3n, este miedo puede ser un conjunto de fobias o una simplemente, una sola que no tiene que ver","inLanguage":"es-ES","isPartOf":{"@id":"https:\/\/www.blog.bcdaero.com\/es\/#website"},"breadcrumb":{"@id":"https:\/\/www.blog.bcdaero.com\/es\/2021\/02\/09\/que-es-la-aerofobia\/#breadcrumblist"},"author":{"@id":"https:\/\/www.blog.bcdaero.com\/es\/author\/bcdaeroadmin\/#author"},"creator":{"@id":"https:\/\/www.blog.bcdaero.com\/es\/author\/bcdaeroadmin\/#author"},"image":{"@type":"ImageObject","url":"https:\/\/www.blog.bcdaero.com\/es\/wp-content\/uploads\/2021\/02\/20347223721_3ef4bc8e25_k.jpg","@id":"https:\/\/www.blog.bcdaero.com\/es\/2021\/02\/09\/que-es-la-aerofobia\/#mainImage","width":2048,"height":1365},"primaryImageOfPage":{"@id":"https:\/\/www.blog.bcdaero.com\/es\/2021\/02\/09\/que-es-la-aerofobia\/#mainImage"},"datePublished":"2021-02-09T05:01:20+00:00","dateModified":"2021-02-09T05:01:24+00:00"},{"@type":"WebSite","@id":"https:\/\/www.blog.bcdaero.com\/es\/#website","url":"https:\/\/www.blog.bcdaero.com\/es\/","name":"BCDA Soluciones Aeronauticas Blog","inLanguage":"es-ES","publisher":{"@id":"https:\/\/www.blog.bcdaero.com\/es\/#organization"}}]},"og:locale":"es_ES","og:site_name":"BCDA Soluciones Aeronauticas Blog |","og:type":"article","og:title":"\u00bfQu\u00e9 es la aerofobia? | BCDA Soluciones Aeronauticas Blog","og:description":"La aerofobia es el miedo a volar o subirse a un avi\u00f3n, esto puede afectar a una de cada diez personas; aunque el miedo no es solamente creer que pueden fallecer por un accidente dentro del avi\u00f3n, este miedo puede ser un conjunto de fobias o una simplemente, una sola que no tiene que ver con el avi\u00f3n, como por ejemplo la claustrofobia.La aerofobia es el miedo a volar o subirse a un avi\u00f3n, esto puede afectar a una de cada diez personas; aunque el miedo no es solamente creer que pueden fallecer por un accidente dentro del avi\u00f3n, este miedo puede ser un conjunto de fobias o una simplemente, una sola que no tiene que ver","og:url":"https:\/\/www.blog.bcdaero.com\/es\/2021\/02\/09\/que-es-la-aerofobia\/","article:published_time":"2021-02-09T05:01:20+00:00","article:modified_time":"2021-02-09T05:01:24+00:00","twitter:card":"summary","twitter:title":"\u00bfQu\u00e9 es la aerofobia? | BCDA Soluciones Aeronauticas Blog","twitter:description":"La aerofobia es el miedo a volar o subirse a un avi\u00f3n, esto puede afectar a una de cada diez personas; aunque el miedo no es solamente creer que pueden fallecer por un accidente dentro del avi\u00f3n, este miedo puede ser un conjunto de fobias o una simplemente, una sola que no tiene que ver con el avi\u00f3n, como por ejemplo la claustrofobia.La aerofobia es el miedo a volar o subirse a un avi\u00f3n, esto puede afectar a una de cada diez personas; aunque el miedo no es solamente creer que pueden fallecer por un accidente dentro del avi\u00f3n, este miedo puede ser un conjunto de fobias o una simplemente, una sola que no tiene que ver"},"aioseo_meta_data":{"post_id":"903","title":"\u00bfQu\u00e9 es la aerofobia? | #site_title","description":"La aerofobia es el miedo a volar o subirse a un avi\u00f3n, esto puede afectar a una de cada diez personas; aunque el miedo no es solamente creer que pueden fallecer por un accidente dentro del avi\u00f3n, este miedo puede ser un conjunto de fobias o una simplemente, una sola que no tiene que ver con el avi\u00f3n, como por ejemplo la claustrofobia.#post_excerpt","keywords":[{"label":"aerofobi que es","value":"aerofobi que es"},{"label":" es aerofobia","value":" es aerofobia"},{"label":" aerofobia es","value":" aerofobia es"},{"label":" aerofobia que","value":" aerofobia que"},{"label":" que aerofobia","value":" que aerofobia"},{"label":" es que aerofobia","value":" es que aerofobia"}],"keyphrases":{"focus":{"keyphrase":"aerofobia es el miedo a volar","score":58,"analysis":{"keyphraseInTitle":{"title":"Frase clave objetivo en el t\u00edtulo SEO","description":"Frase clave objetivo no se encuentra en el t\u00edtulo SEO.","score":3,"maxScore":9,"error":1},"keyphraseInDescription":{"title":"Frase clave objetivo en la meta descripci\u00f3n","description":"Frase clave objetivo encontrada en la meta descripci\u00f3n.","score":9,"maxScore":9,"error":0},"keyphraseInURL":{"title":"Frase clave objetivo en la URL","description":"Frase clave objetivo no encontrada en la URL.","score":1,"maxScore":5,"error":1},"keyphraseInIntroduction":{"title":"Frase clave objetivo en la introducci\u00f3n","description":"Su Frase clave objetivo aparece en el primer p\u00e1rrafo. \u00a1Bien hecho!","score":9,"maxScore":9,"error":0},"keyphraseInSubHeadings":{"title":"Frase clave objetivo sus subt\u00edtulos","description":"Use su frase clave objetivo m\u00e1s en sus subt\u00edtulos H2 y H3","score":3,"maxScore":9,"error":1},"keyphraseInImageAlt":{"title":"Frase clave objetivo en los atributos alt de la imagen.","description":"Frase clave objetivo no se encuentra en los atributos alt de la imagen. A\u00f1ada una imagen con su Frase clave objetivo como texto alternativo.","score":3,"maxScore":9,"error":1},"keyphraseLength":{"title":"Longitud de la Frase clave objetivo","description":"Frase clave objetivo es un poco larga. Intente acortarla.","score":6,"maxScore":9,"error":1,"length":6}}},"additional":[]},"primary_term":null,"canonical_url":null,"og_title":null,"og_description":null,"og_object_type":"default","og_image_type":"default","og_image_url":null,"og_image_width":null,"og_image_height":null,"og_image_custom_url":null,"og_image_custom_fields":null,"og_video":"","og_custom_url":null,"og_article_section":null,"og_article_tags":[],"twitter_use_og":false,"twitter_card":"default","twitter_image_type":"default","twitter_image_url":null,"twitter_image_custom_url":null,"twitter_image_custom_fields":null,"twitter_title":null,"twitter_description":null,"schema":{"blockGraphs":[],"customGraphs":[],"default":{"data":{"Article":[],"Course":[],"Dataset":[],"FAQPage":[],"Movie":[],"Person":[],"Product":[],"ProductReview":[],"Car":[],"Recipe":[],"Service":[],"SoftwareApplication":[],"WebPage":[]},"graphName":"Article","isEnabled":true},"graphs":[]},"schema_type":"none","schema_type_options":"{\"webPage\":{\"webPageType\":\"WebPage\"},\"article\":{\"articleType\":\"BlogPosting\"},\"book\":[],\"course\":[],\"event\":[],\"jobPosting\":[],\"music\":[],\"person\":[],\"product\":[],\"recipe\":[],\"restaurant\":[],\"service\":[],\"software\":[],\"video\":[]}","pillar_content":false,"robots_default":true,"robots_noindex":false,"robots_noarchive":false,"robots_nosnippet":false,"robots_nofollow":false,"robots_noimageindex":false,"robots_noodp":false,"robots_notranslate":false,"robots_max_snippet":"-1","robots_max_videopreview":"-1","robots_max_imagepreview":"large","priority":null,"frequency":"default","local_seo":{"businessInfo":{"name":"","urls":{"website":"","aboutPage":"","contactPage":""},"address":{"line1":"","line2":"","zip":"","city":"","state":"","country":""},"contact":{"email":"","phone":"","fax":""},"ids":{"vatID":"","taxID":"","chamberID":""},"payment":{"priceIndication":"","currenciesAccepted":"","methodsAccepted":""},"areaServed":""},"openingHours":{"show":false,"closedLabel":"","open24h":false,"open24hLabel":"","open247":false,"use24hFormat":false,"twoSets":false,"timezone":"","hours":[]}},"breadcrumb_settings":null,"limit_modified_date":false,"ai":null,"created":"2021-02-09 04:34:47","updated":"2026-04-09 06:28:14","focus_keyword":"aerofobia es el miedo a volar","additional_keywords":null,"truseo_locale":null,"seo_analyzer_scan_date":null},"_links":{"self":[{"href":"https:\/\/www.blog.bcdaero.com\/es\/wp-json\/wp\/v2\/posts\/903","targetHints":{"allow":["GET"]}}],"collection":[{"href":"https:\/\/www.blog.bcdaero.com\/es\/wp-json\/wp\/v2\/posts"}],"about":[{"href":"https:\/\/www.blog.bcdaero.com\/es\/wp-json\/wp\/v2\/types\/post"}],"author":[{"embeddable":true,"href":"https:\/\/www.blog.bcdaero.com\/es\/wp-json\/wp\/v2\/users\/1"}],"replies":[{"embeddable":true,"href":"https:\/\/www.blog.bcdaero.com\/es\/wp-json\/wp\/v2\/comments?post=903"}],"version-history":[{"count":1,"href":"https:\/\/www.blog.bcdaero.com\/es\/wp-json\/wp\/v2\/posts\/903\/revisions"}],"predecessor-version":[{"id":906,"href":"https:\/\/www.blog.bcdaero.com\/es\/wp-json\/wp\/v2\/posts\/903\/revisions\/906"}],"wp:featuredmedia":[{"embeddable":true,"href":"https:\/\/www.blog.bcdaero.com\/es\/wp-json\/wp\/v2\/media\/905"}],"wp:attachment":[{"href":"https:\/\/www.blog.bcdaero.com\/es\/wp-json\/wp\/v2\/media?parent=903"}],"wp:term":[{"taxonomy":"category","embeddable":true,"href":"https:\/\/www.blog.bcdaero.com\/es\/wp-json\/wp\/v2\/categories?post=903"},{"taxonomy":"post_tag","embeddable":true,"href":"https:\/\/www.blog.bcdaero.com\/es\/wp-json\/wp\/v2\/tags?post=903"}],"curies":[{"name":"wp","href":"https:\/\/api.w.org\/{rel}","templated":true}]}}