{"id":947,"date":"2021-03-10T13:11:23","date_gmt":"2021-03-10T13:11:23","guid":{"rendered":"https:\/\/www.blog.bcdaero.com\/es\/?p=947"},"modified":"2021-03-13T16:17:56","modified_gmt":"2021-03-13T16:17:56","slug":"protesta-en-aeropuerto-por-cobro-de-pcr","status":"publish","type":"post","link":"https:\/\/www.blog.bcdaero.com\/es\/2021\/03\/10\/protesta-en-aeropuerto-por-cobro-de-pcr\/","title":{"rendered":"Protesta en aeropuerto por cobro de PCR"},"content":{"rendered":"\n<p class=\"wp-block-paragraph\">Las medidas sanitarias impuestas en los distintos pa\u00edses en el rubro aeron\u00e1utico ha recibido una diversidad de aceptaci\u00f3n o rechazo dependiendo las circunstancias de la aplicaci\u00f3n de las medidas, las cuales van desde presentaci\u00f3n de certificados y resultados de pruebas Covid-19 hechas con hasta 2 d\u00edas de anticipaci\u00f3n, hasta el requisito de realizarse la prueba en el aeropuerto mismo. Esta \u00faltima medida no ha recibido la mejor aceptaci\u00f3n de parte de los usuarios del transporte a\u00e9reo en Venezuela.<\/p>\n\n\n\n<h3 class=\"wp-block-heading\">La situaci\u00f3n<\/h3>\n\n\n\n<p class=\"wp-block-paragraph\">Una muchedumbre de pasajeros, que llegaron el pasado 3 de marzo a Venezuela arribando en el Aeropuerto Internacional Sim\u00f3n Bol\u00edvar, se manifestaron rebasando los cercos y controles sanitarios del aeropuerto en cuesti\u00f3n, esto como un acto deliberado de rechazo a la obligatoriedad de someterse a una prueba de detecci\u00f3n de Covid-19 (PCR) y su consecuente pago de 60 d\u00f3lares.<\/p>\n\n\n\n<p class=\"wp-block-paragraph\">Los usuarios se mostraron en una actitud agresiva a la medida sanitaria y al personal del aeropuerto pues haciendo uso de su fuerza f\u00edsica, rompi\u00f3 el \u201ccerco humano\u201d instalado en el aeropuerto, la reacci\u00f3n de los pasajeros es una alerta para tener cuidado en cuanto a la implementaci\u00f3n de las diversas medidas sanitarias. La medida de control sanitario consiste en que toda persona que arribe a venezuela v\u00eda a\u00e9rea debe realizarse una prueba PCR en un \u00fanico laboratorio antes de llevar a cabo los tr\u00e1mites de migraci\u00f3n. Puedes leer de otra aerol\u00ednea que ha incrementado sus requisitos sanitarios en: <strong><a href=\"https:\/\/www.blog.bcdaero.com\/es\/2021\/02\/23\/latam-incrementara-sus-medidas-de-higiene\/\" target=\"_blank\" rel=\"noreferrer noopener\">LATAM incrementar\u00e1 sus medidas de higiene.<\/a><\/strong><\/p>\n\n\n\n<h3 class=\"wp-block-heading\">Rechazo a la medida<\/h3>\n\n\n\n<p class=\"wp-block-paragraph\">Desde el primer d\u00eda de la implementaci\u00f3n de esta medida, fue notorio el rechazo de parte de los usuarios del aeropuerto, pues los mismos se manifestaron desde sus redes sociales; publicando fotograf\u00edas de las grandes filas en las que ten\u00edan que aguardar su turno para la realizaci\u00f3n de la prueba PCR, el tiempo de espera fue incluso de hasta cuatro horas, lo que increment\u00f3 el descontento de los usuarios.<\/p>\n\n\n\n<h3 class=\"wp-block-heading\">Diferentes causas del descontento<\/h3>\n\n\n\n<p class=\"wp-block-paragraph\">La red social de Twitter tambi\u00e9n fue uno de los medios donde los pasajeros se hicieron escuchar, entre las diversas quejas expuestos sobre la implementaci\u00f3n de la medida se encuentran los problemas existentes para completar el pago de las pruebas, pues las opciones de pago son nulas; siendo la \u00fanica modalidad admitida el pago en efectivo con d\u00f3lares, con el inconveniente de que el personal del aeropuerto no ten\u00eda dinero f\u00edsico para dar cambio de ser necesario.<\/p>\n\n\n\n<p class=\"wp-block-paragraph\">En los videos compartidos posteriormente en las redes sociales, se puede apreciar al personal encargado de la implementaci\u00f3n de la medida sanitaria en el aeropuerto tratando de contener a los pasajeros para que esperaran su turno para la prueba, no obstante, debido al descontento general; los usuarios lograron avanzar y romper el cerco sanitario sin someterse a la prueba, no se sabe si se logr\u00f3 devolver alguno de los pasajeros \u201cfugados\u201d. Aunque la medida sanitaria, en esta caso y por la forma en la que se aplic\u00f3, dio lugar al rechazo; es una alternativa que la mayor\u00eda de industrias de aviaci\u00f3n comercial prefiere en lugar del <a href=\"https:\/\/www.blog.bcdaero.com\/es\/2021\/01\/15\/los-cierres-de-frontera-son-la-mejor-opcion-contra-la-pandemia\/\" target=\"_blank\" rel=\"noreferrer noopener\"><strong>cierre de fronteras<\/strong>.<\/a><\/p>\n\n\n\n<p class=\"wp-block-paragraph\"><strong><em>\u00bfQu\u00e9 opinas de este tema? \u00bfCrees que la implementaci\u00f3n de medidas de manera prudente evite el descontento de los pasajeros?<\/em><\/strong><\/p>\n\n\n\n<p class=\"wp-block-paragraph\">Si tienes alguna duda o consulta sobre este tema puedes&nbsp;<a href=\"https:\/\/www.blog.bcdaero.com\/es\/contacto\/\" target=\"_blank\" rel=\"noreferrer noopener\"><strong>contactarte con nosotros<\/strong><\/a>&nbsp;o escribir tu consulta en la parte de abajo (secci\u00f3n de comentarios).<\/p>\n\n\n\n<p class=\"wp-block-paragraph\">Imagen de Senado Federal v\u00eda Flickr bajo licencia Creative Commons.<\/p>\n","protected":false},"excerpt":{"rendered":"<p>Las medidas sanitarias impuestas en los distintos pa\u00edses en el rubro aeron\u00e1utico ha recibido una diversidad de aceptaci\u00f3n o rechazo dependiendo las circunstancias de la aplicaci\u00f3n de las medidas, las cuales van desde presentaci\u00f3n de certificados y resultados de pruebas Covid-19 hechas con hasta 2 d\u00edas de anticipaci\u00f3n, hasta el requisito de realizarse la prueba [&hellip;]<\/p>\n","protected":false},"author":1,"featured_media":948,"comment_status":"open","ping_status":"open","sticky":false,"template":"","format":"standard","meta":{"footnotes":""},"categories":[118],"tags":[618,615,613,617,614,620,616,619],"class_list":["post-947","post","type-post","status-publish","format-standard","has-post-thumbnail","hentry","category-aviacion-comercial","tag-aeropuerto-pcr","tag-aeropuerto-protesta","tag-cobro-de-pcr","tag-pcr-cobro","tag-pcr-en-aeropuerto","tag-pcr-en-aeropuerto-protesta","tag-protesta-en-aeropuerto","tag-protesta-por-pcr"],"aioseo_notices":[],"aioseo_head":"\n\t\t<!-- All in One SEO 5.0.0.1 - aioseo.com -->\n\t<meta name=\"description\" content=\"Las medidas sanitarias impuestas en los distintos pa\u00edses en el rubro aeron\u00e1utico ha recibido una diversidad de aceptaci\u00f3n o rechazo dependiendo las circunstancias de la aplicaci\u00f3n de las medidas, las cuales van desde presentaci\u00f3n de certificados y resultados de pruebas Covid-19 hechas con hasta 2 d\u00edas de anticipaci\u00f3n, hasta el requisito de realizarse la prueba en el aeropuerto mismo. Esta \u00faltima medida no ha recibido la mejor aceptaci\u00f3n de parte de los usuarios del transporte a\u00e9reo en Venezuela.\" \/>\n\t<meta name=\"robots\" content=\"max-image-preview:large\" \/>\n\t<meta name=\"author\" content=\"BCDA\"\/>\n\t<meta name=\"keywords\" content=\"aeropuerto pcr,pcr en aeropuerto,cobro de pcr,pcr cobro,protesta en aeropuerto,aeropuerto protesta,protesta por pcr,pcr en aeropuerto protesta\" \/>\n\t<link rel=\"canonical\" href=\"https:\/\/www.blog.bcdaero.com\/es\/2021\/03\/10\/protesta-en-aeropuerto-por-cobro-de-pcr\/\" \/>\n\t<meta name=\"generator\" content=\"All in One SEO (AIOSEO) 5.0.0.1\" \/>\n\t\t<meta property=\"og:locale\" content=\"es_ES\" \/>\n\t\t<meta property=\"og:site_name\" content=\"BCDA Soluciones Aeronauticas Blog |\" \/>\n\t\t<meta property=\"og:type\" content=\"article\" \/>\n\t\t<meta property=\"og:title\" content=\"Protesta en aeropuerto por cobro de PCR | BCDA Soluciones Aeronauticas Blog\" \/>\n\t\t<meta property=\"og:description\" content=\"Las medidas sanitarias impuestas en los distintos pa\u00edses en el rubro aeron\u00e1utico ha recibido una diversidad de aceptaci\u00f3n o rechazo dependiendo las circunstancias de la aplicaci\u00f3n de las medidas, las cuales van desde presentaci\u00f3n de certificados y resultados de pruebas Covid-19 hechas con hasta 2 d\u00edas de anticipaci\u00f3n, hasta el requisito de realizarse la prueba en el aeropuerto mismo. Esta \u00faltima medida no ha recibido la mejor aceptaci\u00f3n de parte de los usuarios del transporte a\u00e9reo en Venezuela.\" \/>\n\t\t<meta property=\"og:url\" content=\"https:\/\/www.blog.bcdaero.com\/es\/2021\/03\/10\/protesta-en-aeropuerto-por-cobro-de-pcr\/\" \/>\n\t\t<meta property=\"article:published_time\" content=\"2021-03-10T13:11:23+00:00\" \/>\n\t\t<meta property=\"article:modified_time\" content=\"2021-03-13T16:17:56+00:00\" \/>\n\t\t<meta name=\"twitter:card\" content=\"summary\" \/>\n\t\t<meta name=\"twitter:title\" content=\"Protesta en aeropuerto por cobro de PCR | BCDA Soluciones Aeronauticas Blog\" \/>\n\t\t<meta name=\"twitter:description\" content=\"Las medidas sanitarias impuestas en los distintos pa\u00edses en el rubro aeron\u00e1utico ha recibido una diversidad de aceptaci\u00f3n o rechazo dependiendo las circunstancias de la aplicaci\u00f3n de las medidas, las cuales van desde presentaci\u00f3n de certificados y resultados de pruebas Covid-19 hechas con hasta 2 d\u00edas de anticipaci\u00f3n, hasta el requisito de realizarse la prueba en el aeropuerto mismo. Esta \u00faltima medida no ha recibido la mejor aceptaci\u00f3n de parte de los usuarios del transporte a\u00e9reo en Venezuela.\" \/>\n\t\t<script type=\"application\/ld+json\" class=\"aioseo-schema\">\n\t\t\t{\"@context\":\"https:\\\/\\\/schema.org\",\"@graph\":[{\"@type\":\"Article\",\"@id\":\"https:\\\/\\\/www.blog.bcdaero.com\\\/es\\\/2021\\\/03\\\/10\\\/protesta-en-aeropuerto-por-cobro-de-pcr\\\/#article\",\"name\":\"Protesta en aeropuerto por cobro de PCR | BCDA Soluciones Aeronauticas Blog\",\"headline\":\"Protesta en aeropuerto por cobro de PCR\",\"author\":{\"@id\":\"https:\\\/\\\/www.blog.bcdaero.com\\\/es\\\/author\\\/bcdaeroadmin\\\/#author\"},\"publisher\":{\"@id\":\"https:\\\/\\\/www.blog.bcdaero.com\\\/es\\\/#organization\"},\"image\":{\"@type\":\"ImageObject\",\"url\":\"https:\\\/\\\/www.blog.bcdaero.com\\\/es\\\/wp-content\\\/uploads\\\/2021\\\/03\\\/49992107303_e899a3e703_k.jpg\",\"width\":2048,\"height\":1365},\"datePublished\":\"2021-03-10T13:11:23+00:00\",\"dateModified\":\"2021-03-13T16:17:56+00:00\",\"inLanguage\":\"es-ES\",\"mainEntityOfPage\":{\"@id\":\"https:\\\/\\\/www.blog.bcdaero.com\\\/es\\\/2021\\\/03\\\/10\\\/protesta-en-aeropuerto-por-cobro-de-pcr\\\/#webpage\"},\"isPartOf\":{\"@id\":\"https:\\\/\\\/www.blog.bcdaero.com\\\/es\\\/2021\\\/03\\\/10\\\/protesta-en-aeropuerto-por-cobro-de-pcr\\\/#webpage\"},\"articleSection\":\"aviaci\\u00f3n comercial, aeropuerto pcr, aeropuerto protesta, cobro de pcr, pcr cobro, pcr en aeropuerto, pcr en aeropuerto protesta, protesta en aeropuerto, protesta por pcr\"},{\"@type\":\"BreadcrumbList\",\"@id\":\"https:\\\/\\\/www.blog.bcdaero.com\\\/es\\\/2021\\\/03\\\/10\\\/protesta-en-aeropuerto-por-cobro-de-pcr\\\/#breadcrumblist\",\"itemListElement\":[{\"@type\":\"ListItem\",\"@id\":\"https:\\\/\\\/www.blog.bcdaero.com\\\/es#listItem\",\"position\":1,\"name\":\"Inicio\",\"item\":\"https:\\\/\\\/www.blog.bcdaero.com\\\/es\",\"nextItem\":{\"@type\":\"ListItem\",\"@id\":\"https:\\\/\\\/www.blog.bcdaero.com\\\/es\\\/category\\\/aviacion-comercial\\\/#listItem\",\"name\":\"aviaci\\u00f3n comercial\"}},{\"@type\":\"ListItem\",\"@id\":\"https:\\\/\\\/www.blog.bcdaero.com\\\/es\\\/category\\\/aviacion-comercial\\\/#listItem\",\"position\":2,\"name\":\"aviaci\\u00f3n comercial\",\"item\":\"https:\\\/\\\/www.blog.bcdaero.com\\\/es\\\/category\\\/aviacion-comercial\\\/\",\"nextItem\":{\"@type\":\"ListItem\",\"@id\":\"https:\\\/\\\/www.blog.bcdaero.com\\\/es\\\/2021\\\/03\\\/10\\\/protesta-en-aeropuerto-por-cobro-de-pcr\\\/#listItem\",\"name\":\"Protesta en aeropuerto por cobro de PCR\"},\"previousItem\":{\"@type\":\"ListItem\",\"@id\":\"https:\\\/\\\/www.blog.bcdaero.com\\\/es#listItem\",\"name\":\"Inicio\"}},{\"@type\":\"ListItem\",\"@id\":\"https:\\\/\\\/www.blog.bcdaero.com\\\/es\\\/2021\\\/03\\\/10\\\/protesta-en-aeropuerto-por-cobro-de-pcr\\\/#listItem\",\"position\":3,\"name\":\"Protesta en aeropuerto por cobro de PCR\",\"previousItem\":{\"@type\":\"ListItem\",\"@id\":\"https:\\\/\\\/www.blog.bcdaero.com\\\/es\\\/category\\\/aviacion-comercial\\\/#listItem\",\"name\":\"aviaci\\u00f3n comercial\"}}]},{\"@type\":\"Organization\",\"@id\":\"https:\\\/\\\/www.blog.bcdaero.com\\\/es\\\/#organization\",\"name\":\"BCDA Soluciones Aeronauticas Blog\",\"url\":\"https:\\\/\\\/www.blog.bcdaero.com\\\/es\\\/\"},{\"@type\":\"Person\",\"@id\":\"https:\\\/\\\/www.blog.bcdaero.com\\\/es\\\/author\\\/bcdaeroadmin\\\/#author\",\"url\":\"https:\\\/\\\/www.blog.bcdaero.com\\\/es\\\/author\\\/bcdaeroadmin\\\/\",\"name\":\"BCDA\",\"image\":{\"@type\":\"ImageObject\",\"@id\":\"https:\\\/\\\/www.blog.bcdaero.com\\\/es\\\/2021\\\/03\\\/10\\\/protesta-en-aeropuerto-por-cobro-de-pcr\\\/#authorImage\",\"url\":\"https:\\\/\\\/secure.gravatar.com\\\/avatar\\\/cce372ef10b3938000a3544c689caecc52a4efc8d286e84871e63fa51198f4e6?s=96&d=mm&r=g\",\"width\":96,\"height\":96,\"caption\":\"BCDA\"}},{\"@type\":\"WebPage\",\"@id\":\"https:\\\/\\\/www.blog.bcdaero.com\\\/es\\\/2021\\\/03\\\/10\\\/protesta-en-aeropuerto-por-cobro-de-pcr\\\/#webpage\",\"url\":\"https:\\\/\\\/www.blog.bcdaero.com\\\/es\\\/2021\\\/03\\\/10\\\/protesta-en-aeropuerto-por-cobro-de-pcr\\\/\",\"name\":\"Protesta en aeropuerto por cobro de PCR | BCDA Soluciones Aeronauticas Blog\",\"description\":\"Las medidas sanitarias impuestas en los distintos pa\\u00edses en el rubro aeron\\u00e1utico ha recibido una diversidad de aceptaci\\u00f3n o rechazo dependiendo las circunstancias de la aplicaci\\u00f3n de las medidas, las cuales van desde presentaci\\u00f3n de certificados y resultados de pruebas Covid-19 hechas con hasta 2 d\\u00edas de anticipaci\\u00f3n, hasta el requisito de realizarse la prueba en el aeropuerto mismo. Esta \\u00faltima medida no ha recibido la mejor aceptaci\\u00f3n de parte de los usuarios del transporte a\\u00e9reo en Venezuela.\",\"inLanguage\":\"es-ES\",\"isPartOf\":{\"@id\":\"https:\\\/\\\/www.blog.bcdaero.com\\\/es\\\/#website\"},\"breadcrumb\":{\"@id\":\"https:\\\/\\\/www.blog.bcdaero.com\\\/es\\\/2021\\\/03\\\/10\\\/protesta-en-aeropuerto-por-cobro-de-pcr\\\/#breadcrumblist\"},\"author\":{\"@id\":\"https:\\\/\\\/www.blog.bcdaero.com\\\/es\\\/author\\\/bcdaeroadmin\\\/#author\"},\"creator\":{\"@id\":\"https:\\\/\\\/www.blog.bcdaero.com\\\/es\\\/author\\\/bcdaeroadmin\\\/#author\"},\"image\":{\"@type\":\"ImageObject\",\"url\":\"https:\\\/\\\/www.blog.bcdaero.com\\\/es\\\/wp-content\\\/uploads\\\/2021\\\/03\\\/49992107303_e899a3e703_k.jpg\",\"@id\":\"https:\\\/\\\/www.blog.bcdaero.com\\\/es\\\/2021\\\/03\\\/10\\\/protesta-en-aeropuerto-por-cobro-de-pcr\\\/#mainImage\",\"width\":2048,\"height\":1365},\"primaryImageOfPage\":{\"@id\":\"https:\\\/\\\/www.blog.bcdaero.com\\\/es\\\/2021\\\/03\\\/10\\\/protesta-en-aeropuerto-por-cobro-de-pcr\\\/#mainImage\"},\"datePublished\":\"2021-03-10T13:11:23+00:00\",\"dateModified\":\"2021-03-13T16:17:56+00:00\"},{\"@type\":\"WebSite\",\"@id\":\"https:\\\/\\\/www.blog.bcdaero.com\\\/es\\\/#website\",\"url\":\"https:\\\/\\\/www.blog.bcdaero.com\\\/es\\\/\",\"name\":\"BCDA Soluciones Aeronauticas Blog\",\"inLanguage\":\"es-ES\",\"publisher\":{\"@id\":\"https:\\\/\\\/www.blog.bcdaero.com\\\/es\\\/#organization\"}}]}\n\t\t<\/script>\n\t\t<!-- All in One SEO -->\n\n","aioseo_head_json":{"title":"Protesta en aeropuerto por cobro de PCR | BCDA Soluciones Aeronauticas Blog","description":"Las medidas sanitarias impuestas en los distintos pa\u00edses en el rubro aeron\u00e1utico ha recibido una diversidad de aceptaci\u00f3n o rechazo dependiendo las circunstancias de la aplicaci\u00f3n de las medidas, las cuales van desde presentaci\u00f3n de certificados y resultados de pruebas Covid-19 hechas con hasta 2 d\u00edas de anticipaci\u00f3n, hasta el requisito de realizarse la prueba en el aeropuerto mismo. Esta \u00faltima medida no ha recibido la mejor aceptaci\u00f3n de parte de los usuarios del transporte a\u00e9reo en Venezuela.","canonical_url":"https:\/\/www.blog.bcdaero.com\/es\/2021\/03\/10\/protesta-en-aeropuerto-por-cobro-de-pcr\/","robots":"max-image-preview:large","keywords":"aeropuerto pcr,pcr en aeropuerto,cobro de pcr,pcr cobro,protesta en aeropuerto,aeropuerto protesta,protesta por pcr,pcr en aeropuerto protesta","webmasterTools":{"miscellaneous":""},"schema":{"@context":"https:\/\/schema.org","@graph":[{"@type":"Article","@id":"https:\/\/www.blog.bcdaero.com\/es\/2021\/03\/10\/protesta-en-aeropuerto-por-cobro-de-pcr\/#article","name":"Protesta en aeropuerto por cobro de PCR | BCDA Soluciones Aeronauticas Blog","headline":"Protesta en aeropuerto por cobro de PCR","author":{"@id":"https:\/\/www.blog.bcdaero.com\/es\/author\/bcdaeroadmin\/#author"},"publisher":{"@id":"https:\/\/www.blog.bcdaero.com\/es\/#organization"},"image":{"@type":"ImageObject","url":"https:\/\/www.blog.bcdaero.com\/es\/wp-content\/uploads\/2021\/03\/49992107303_e899a3e703_k.jpg","width":2048,"height":1365},"datePublished":"2021-03-10T13:11:23+00:00","dateModified":"2021-03-13T16:17:56+00:00","inLanguage":"es-ES","mainEntityOfPage":{"@id":"https:\/\/www.blog.bcdaero.com\/es\/2021\/03\/10\/protesta-en-aeropuerto-por-cobro-de-pcr\/#webpage"},"isPartOf":{"@id":"https:\/\/www.blog.bcdaero.com\/es\/2021\/03\/10\/protesta-en-aeropuerto-por-cobro-de-pcr\/#webpage"},"articleSection":"aviaci\u00f3n comercial, aeropuerto pcr, aeropuerto protesta, cobro de pcr, pcr cobro, pcr en aeropuerto, pcr en aeropuerto protesta, protesta en aeropuerto, protesta por pcr"},{"@type":"BreadcrumbList","@id":"https:\/\/www.blog.bcdaero.com\/es\/2021\/03\/10\/protesta-en-aeropuerto-por-cobro-de-pcr\/#breadcrumblist","itemListElement":[{"@type":"ListItem","@id":"https:\/\/www.blog.bcdaero.com\/es#listItem","position":1,"name":"Inicio","item":"https:\/\/www.blog.bcdaero.com\/es","nextItem":{"@type":"ListItem","@id":"https:\/\/www.blog.bcdaero.com\/es\/category\/aviacion-comercial\/#listItem","name":"aviaci\u00f3n comercial"}},{"@type":"ListItem","@id":"https:\/\/www.blog.bcdaero.com\/es\/category\/aviacion-comercial\/#listItem","position":2,"name":"aviaci\u00f3n comercial","item":"https:\/\/www.blog.bcdaero.com\/es\/category\/aviacion-comercial\/","nextItem":{"@type":"ListItem","@id":"https:\/\/www.blog.bcdaero.com\/es\/2021\/03\/10\/protesta-en-aeropuerto-por-cobro-de-pcr\/#listItem","name":"Protesta en aeropuerto por cobro de PCR"},"previousItem":{"@type":"ListItem","@id":"https:\/\/www.blog.bcdaero.com\/es#listItem","name":"Inicio"}},{"@type":"ListItem","@id":"https:\/\/www.blog.bcdaero.com\/es\/2021\/03\/10\/protesta-en-aeropuerto-por-cobro-de-pcr\/#listItem","position":3,"name":"Protesta en aeropuerto por cobro de PCR","previousItem":{"@type":"ListItem","@id":"https:\/\/www.blog.bcdaero.com\/es\/category\/aviacion-comercial\/#listItem","name":"aviaci\u00f3n comercial"}}]},{"@type":"Organization","@id":"https:\/\/www.blog.bcdaero.com\/es\/#organization","name":"BCDA Soluciones Aeronauticas Blog","url":"https:\/\/www.blog.bcdaero.com\/es\/"},{"@type":"Person","@id":"https:\/\/www.blog.bcdaero.com\/es\/author\/bcdaeroadmin\/#author","url":"https:\/\/www.blog.bcdaero.com\/es\/author\/bcdaeroadmin\/","name":"BCDA","image":{"@type":"ImageObject","@id":"https:\/\/www.blog.bcdaero.com\/es\/2021\/03\/10\/protesta-en-aeropuerto-por-cobro-de-pcr\/#authorImage","url":"https:\/\/secure.gravatar.com\/avatar\/cce372ef10b3938000a3544c689caecc52a4efc8d286e84871e63fa51198f4e6?s=96&d=mm&r=g","width":96,"height":96,"caption":"BCDA"}},{"@type":"WebPage","@id":"https:\/\/www.blog.bcdaero.com\/es\/2021\/03\/10\/protesta-en-aeropuerto-por-cobro-de-pcr\/#webpage","url":"https:\/\/www.blog.bcdaero.com\/es\/2021\/03\/10\/protesta-en-aeropuerto-por-cobro-de-pcr\/","name":"Protesta en aeropuerto por cobro de PCR | BCDA Soluciones Aeronauticas Blog","description":"Las medidas sanitarias impuestas en los distintos pa\u00edses en el rubro aeron\u00e1utico ha recibido una diversidad de aceptaci\u00f3n o rechazo dependiendo las circunstancias de la aplicaci\u00f3n de las medidas, las cuales van desde presentaci\u00f3n de certificados y resultados de pruebas Covid-19 hechas con hasta 2 d\u00edas de anticipaci\u00f3n, hasta el requisito de realizarse la prueba en el aeropuerto mismo. Esta \u00faltima medida no ha recibido la mejor aceptaci\u00f3n de parte de los usuarios del transporte a\u00e9reo en Venezuela.","inLanguage":"es-ES","isPartOf":{"@id":"https:\/\/www.blog.bcdaero.com\/es\/#website"},"breadcrumb":{"@id":"https:\/\/www.blog.bcdaero.com\/es\/2021\/03\/10\/protesta-en-aeropuerto-por-cobro-de-pcr\/#breadcrumblist"},"author":{"@id":"https:\/\/www.blog.bcdaero.com\/es\/author\/bcdaeroadmin\/#author"},"creator":{"@id":"https:\/\/www.blog.bcdaero.com\/es\/author\/bcdaeroadmin\/#author"},"image":{"@type":"ImageObject","url":"https:\/\/www.blog.bcdaero.com\/es\/wp-content\/uploads\/2021\/03\/49992107303_e899a3e703_k.jpg","@id":"https:\/\/www.blog.bcdaero.com\/es\/2021\/03\/10\/protesta-en-aeropuerto-por-cobro-de-pcr\/#mainImage","width":2048,"height":1365},"primaryImageOfPage":{"@id":"https:\/\/www.blog.bcdaero.com\/es\/2021\/03\/10\/protesta-en-aeropuerto-por-cobro-de-pcr\/#mainImage"},"datePublished":"2021-03-10T13:11:23+00:00","dateModified":"2021-03-13T16:17:56+00:00"},{"@type":"WebSite","@id":"https:\/\/www.blog.bcdaero.com\/es\/#website","url":"https:\/\/www.blog.bcdaero.com\/es\/","name":"BCDA Soluciones Aeronauticas Blog","inLanguage":"es-ES","publisher":{"@id":"https:\/\/www.blog.bcdaero.com\/es\/#organization"}}]},"og:locale":"es_ES","og:site_name":"BCDA Soluciones Aeronauticas Blog |","og:type":"article","og:title":"Protesta en aeropuerto por cobro de PCR | BCDA Soluciones Aeronauticas Blog","og:description":"Las medidas sanitarias impuestas en los distintos pa\u00edses en el rubro aeron\u00e1utico ha recibido una diversidad de aceptaci\u00f3n o rechazo dependiendo las circunstancias de la aplicaci\u00f3n de las medidas, las cuales van desde presentaci\u00f3n de certificados y resultados de pruebas Covid-19 hechas con hasta 2 d\u00edas de anticipaci\u00f3n, hasta el requisito de realizarse la prueba en el aeropuerto mismo. Esta \u00faltima medida no ha recibido la mejor aceptaci\u00f3n de parte de los usuarios del transporte a\u00e9reo en Venezuela.","og:url":"https:\/\/www.blog.bcdaero.com\/es\/2021\/03\/10\/protesta-en-aeropuerto-por-cobro-de-pcr\/","article:published_time":"2021-03-10T13:11:23+00:00","article:modified_time":"2021-03-13T16:17:56+00:00","twitter:card":"summary","twitter:title":"Protesta en aeropuerto por cobro de PCR | BCDA Soluciones Aeronauticas Blog","twitter:description":"Las medidas sanitarias impuestas en los distintos pa\u00edses en el rubro aeron\u00e1utico ha recibido una diversidad de aceptaci\u00f3n o rechazo dependiendo las circunstancias de la aplicaci\u00f3n de las medidas, las cuales van desde presentaci\u00f3n de certificados y resultados de pruebas Covid-19 hechas con hasta 2 d\u00edas de anticipaci\u00f3n, hasta el requisito de realizarse la prueba en el aeropuerto mismo. Esta \u00faltima medida no ha recibido la mejor aceptaci\u00f3n de parte de los usuarios del transporte a\u00e9reo en Venezuela."},"aioseo_meta_data":{"post_id":"947","title":"Protesta en aeropuerto por cobro de PCR | #site_title","description":"Las medidas sanitarias impuestas en los distintos pa\u00edses en el rubro aeron\u00e1utico ha recibido una diversidad de aceptaci\u00f3n o rechazo dependiendo las circunstancias de la aplicaci\u00f3n de las medidas, las cuales van desde presentaci\u00f3n de certificados y resultados de pruebas Covid-19 hechas con hasta 2 d\u00edas de anticipaci\u00f3n, hasta el requisito de realizarse la prueba en el aeropuerto mismo. Esta \u00faltima medida no ha recibido la mejor aceptaci\u00f3n de parte de los usuarios del transporte a\u00e9reo en Venezuela.","keywords":[{"label":"aeropuerto pcr","value":"aeropuerto pcr"},{"label":" pcr en aeropuerto","value":" pcr en aeropuerto"},{"label":" cobro de pcr","value":" cobro de pcr"},{"label":" pcr cobro","value":" pcr cobro"},{"label":" protesta en aeropuerto","value":" protesta en aeropuerto"},{"label":" aeropuerto protesta","value":" aeropuerto protesta"},{"label":" protesta por pcr","value":" protesta por pcr"},{"label":" pcr en aeropuerto protesta","value":" pcr en aeropuerto protesta"}],"keyphrases":{"focus":[],"additional":[]},"primary_term":null,"canonical_url":null,"og_title":null,"og_description":null,"og_object_type":"default","og_image_type":"default","og_image_url":null,"og_image_width":null,"og_image_height":null,"og_image_custom_url":null,"og_image_custom_fields":null,"og_video":"","og_custom_url":null,"og_article_section":null,"og_article_tags":[],"twitter_use_og":false,"twitter_card":"default","twitter_image_type":"default","twitter_image_url":null,"twitter_image_custom_url":null,"twitter_image_custom_fields":null,"twitter_title":null,"twitter_description":null,"schema":{"blockGraphs":[],"customGraphs":[],"default":{"data":{"Article":{"id":"#aioseo-article-6406b1edce59c","slug":"article","graphName":"Article","label":"Art\u00edculo","properties":{"type":"BlogPosting","name":"#post_title","headline":"#post_title","description":"#post_excerpt","image":"","keywords":"","author":{"name":"#author_name","url":"#author_url"},"dates":{"include":true,"datePublished":"","dateModified":""}}},"Course":[],"Dataset":[],"FAQPage":[],"Movie":[],"Person":[],"Product":[],"ProductReview":[],"Car":[],"Recipe":[],"Service":[],"SoftwareApplication":[],"WebPage":[]},"graphName":"Article","isEnabled":true},"graphs":[]},"schema_type":"default","schema_type_options":"{\"article\":{\"articleType\":\"BlogPosting\"},\"course\":{\"name\":\"\",\"description\":\"\",\"provider\":\"\"},\"faq\":{\"pages\":[]},\"product\":{\"reviews\":[]},\"recipe\":{\"ingredients\":[],\"instructions\":[],\"keywords\":[]},\"software\":{\"reviews\":[],\"operatingSystems\":[]},\"webPage\":{\"webPageType\":\"WebPage\"}}","pillar_content":false,"robots_default":true,"robots_noindex":false,"robots_noarchive":false,"robots_nosnippet":false,"robots_nofollow":false,"robots_noimageindex":false,"robots_noodp":false,"robots_notranslate":false,"robots_max_snippet":"-1","robots_max_videopreview":"-1","robots_max_imagepreview":"large","priority":null,"frequency":"default","local_seo":{"businessInfo":{"name":"","urls":{"website":"","aboutPage":"","contactPage":""},"address":{"line1":"","line2":"","zip":"","city":"","state":"","country":""},"contact":{"email":"","phone":"","fax":""},"ids":{"vatID":"","taxID":"","chamberID":""},"payment":{"priceIndication":"","currenciesAccepted":"","methodsAccepted":""},"areaServed":""},"openingHours":{"show":false,"closedLabel":"","open24h":false,"open24hLabel":"","open247":false,"use24hFormat":false,"twoSets":false,"timezone":"","hours":[]}},"breadcrumb_settings":null,"limit_modified_date":false,"ai":null,"created":"2021-03-13 12:53:17","updated":"2026-04-09 06:44:31","focus_keyword":null,"additional_keywords":null,"truseo_locale":null,"seo_analyzer_scan_date":null},"_links":{"self":[{"href":"https:\/\/www.blog.bcdaero.com\/es\/wp-json\/wp\/v2\/posts\/947","targetHints":{"allow":["GET"]}}],"collection":[{"href":"https:\/\/www.blog.bcdaero.com\/es\/wp-json\/wp\/v2\/posts"}],"about":[{"href":"https:\/\/www.blog.bcdaero.com\/es\/wp-json\/wp\/v2\/types\/post"}],"author":[{"embeddable":true,"href":"https:\/\/www.blog.bcdaero.com\/es\/wp-json\/wp\/v2\/users\/1"}],"replies":[{"embeddable":true,"href":"https:\/\/www.blog.bcdaero.com\/es\/wp-json\/wp\/v2\/comments?post=947"}],"version-history":[{"count":2,"href":"https:\/\/www.blog.bcdaero.com\/es\/wp-json\/wp\/v2\/posts\/947\/revisions"}],"predecessor-version":[{"id":959,"href":"https:\/\/www.blog.bcdaero.com\/es\/wp-json\/wp\/v2\/posts\/947\/revisions\/959"}],"wp:featuredmedia":[{"embeddable":true,"href":"https:\/\/www.blog.bcdaero.com\/es\/wp-json\/wp\/v2\/media\/948"}],"wp:attachment":[{"href":"https:\/\/www.blog.bcdaero.com\/es\/wp-json\/wp\/v2\/media?parent=947"}],"wp:term":[{"taxonomy":"category","embeddable":true,"href":"https:\/\/www.blog.bcdaero.com\/es\/wp-json\/wp\/v2\/categories?post=947"},{"taxonomy":"post_tag","embeddable":true,"href":"https:\/\/www.blog.bcdaero.com\/es\/wp-json\/wp\/v2\/tags?post=947"}],"curies":[{"name":"wp","href":"https:\/\/api.w.org\/{rel}","templated":true}]}}